{"id":671,"date":"1999-04-06T17:37:05","date_gmt":"1999-04-06T17:37:05","guid":{"rendered":"https:\/\/enricgine.cat\/en\/?p=671"},"modified":"2026-04-23T10:37:17","modified_gmt":"2026-04-23T10:37:17","slug":"the-music-of-enric-audio","status":"publish","type":"post","link":"https:\/\/enricgine.cat\/en\/the-music-of-enric-audio\/","title":{"rendered":"The Music of Enric Audio"},"content":{"rendered":"\n<p>Hvis du \u00f8nsker det, kan du downloade lydfilerne alene ved at klikke p\u00e5 de tre prikker til h\u00f8jre for lydafspilleren. Der er to muligheder: Den ene er at s\u00e6nke eller \u00f8ge afspilningshastigheden, og den anden er at downloade lydfilen<\/p>\n\n\n\n<p><\/p>\n\n\n\n<figure class=\"wp-block-audio\"><audio controls src=\"https:\/\/enricgine.cat\/en\/wp-content\/uploads\/1999\/04\/1-El-Meu-Pais-\u203c\ufe0f\u2b50\ufe0f\u203c\ufe0f-\u203c\ufe0f\u2b50\ufe0f\u203c\ufe0f.wav\"><\/audio><\/figure>\n\n\n\n<p><\/p>\n\n\n\n<h3 class=\"wp-block-heading has-text-align-center\"><strong>1 El Meu Pa\u00eds<\/strong><\/h3>\n\n\n\n<p class=\"has-text-align-center\">Flaire de pins i Suredes<\/p>\n\n\n\n<p class=\"has-text-align-center\">Cants dels ocells i cigales<\/p>\n\n\n\n<p class=\"has-text-align-center\">M\u00fasica de rius i<\/p>\n\n\n\n<p class=\"has-text-align-center\">Murmuri del vent<\/p>\n\n\n\n<p class=\"has-text-align-center\">Amb els rumors dels arbres<\/p>\n\n\n\n<p class=\"has-text-align-center\">Brisa de platges i cales<\/p>\n\n\n\n<p class=\"has-text-align-center\">Murmuri de les ones del mar<\/p>\n\n\n\n<p class=\"has-text-align-center\">La sorra calenta<\/p>\n\n\n\n<p class=\"has-text-align-center\">&nbsp;Baix dels meus peus<\/p>\n\n\n\n<p class=\"has-text-align-center\">Amb la blavor del cel i el mar<\/p>\n\n\n\n<p class=\"has-text-align-center\">Assegut baix l\u2019ombra d\u2019un pi<\/p>\n\n\n\n<p class=\"has-text-align-center\">pensant en aquest Pa\u00eds form\u00f3s<\/p>\n\n\n\n<p class=\"has-text-align-center\">que m\u2019ha donat tantes coses<\/p>\n\n\n\n<p class=\"has-text-align-center\">com aquest moment meravell\u00f3s<\/p>\n\n\n\n<p class=\"has-text-align-center\">Oliveres vinyes i fruites<\/p>\n\n\n\n<p class=\"has-text-align-center\">Blat colza i grosella<\/p>\n\n\n\n<p class=\"has-text-align-center\">Aquest Pa\u00eds \u00e9s el que jo visc<\/p>\n\n\n\n<p class=\"has-text-align-center\">Gaudint d\u2019aquesta natura<\/p>\n\n\n\n<p class=\"has-text-align-center\"><strong>Aquest \u00e9s el Pa\u00eds que jo visc<\/strong><\/p>\n\n\n\n<p class=\"has-text-align-center\"><strong>Parlo convisc i somio<\/strong><\/p>\n\n\n\n<p class=\"has-text-align-center\"><strong>Per\u00f2 ja una tristor que m\u2019ofega<\/strong><\/p>\n\n\n\n<p class=\"has-text-align-center\"><strong>Doncs em trobo encadenat<\/strong><\/p>\n\n\n\n<p class=\"has-text-align-center\">Muntanyes rius i rieres<\/p>\n\n\n\n<p class=\"has-text-align-center\">Costes braves platges i cales<\/p>\n\n\n\n<p class=\"has-text-align-center\">Boscos i camps prats i<\/p>\n\n\n\n<p class=\"has-text-align-center\">esplanades<\/p>\n\n\n\n<p class=\"has-text-align-center\">Aquest \u00e9s el Pa\u00eds que jo visc<\/p>\n\n\n\n<p class=\"has-text-align-center\">Beget, Areu i Setcases<\/p>\n\n\n\n<p class=\"has-text-align-center\">Besal\u00fa, Vall d\u2019Aran i<\/p>\n\n\n\n<p class=\"has-text-align-center\">Pedraforca<\/p>\n\n\n\n<p class=\"has-text-align-center\">&nbsp;Cadi, Montserrat, Pirineu i<\/p>\n\n\n\n<p class=\"has-text-align-center\">&nbsp;mils m\u00e9s<\/p>\n\n\n\n<p class=\"has-text-align-center\">Aquest \u00e9s el Pa\u00eds que jo visc<\/p>\n\n\n\n<p class=\"has-text-align-center\">Pa\u00eds que volem i estimem<\/p>\n\n\n\n<p class=\"has-text-align-center\">Privilegi de la nostre cultura<\/p>\n\n\n\n<p class=\"has-text-align-center\">Gr\u00e0cies Pa\u00eds per haver-me<\/p>\n\n\n\n<p class=\"has-text-align-center\">acollit<\/p>\n\n\n\n<p class=\"has-text-align-center\">Aquest \u00e9s el Pa\u00eds que jo visc<\/p>\n\n\n\n<p class=\"has-text-align-center\"><strong>Aquest Pa\u00eds Meravell\u00f3s<\/strong><\/p>\n\n\n\n<p class=\"has-text-align-center\"><strong>Parlo convisc i somio<\/strong><\/p>\n\n\n\n<p class=\"has-text-align-center\"><strong>I vull que sigui com era<\/strong><\/p>\n\n\n\n<p class=\"has-text-align-center\"><strong>Una Catalunya Lliure<\/strong><\/p>\n\n\n\n<p class=\"has-text-align-center\"><strong>S\u00ed una Catalunya Lliure<\/strong><\/p>\n\n\n\n<p class=\"has-text-align-center\"><strong>i<\/strong><\/p>\n\n\n\n<p class=\"has-text-align-center\"><strong>Lliure<\/strong><\/p>\n\n\n\n<p class=\"has-text-align-center\"><strong>i<\/strong><\/p>\n\n\n\n<p class=\"has-text-align-center\"><strong>Lliure<\/strong><\/p>\n\n\n\n<p class=\"has-text-align-center\">*********************************************<\/p>\n\n\n\n<figure class=\"wp-block-audio\"><audio controls src=\"https:\/\/enricgine.cat\/en\/wp-content\/uploads\/1999\/04\/2-Dolca-Catalunya-\u203c\ufe0f\u2b50\ufe0f\u203c\ufe0f-\u203c\ufe0f\u2b50\ufe0f\u203c\ufe0f-.wav\"><\/audio><\/figure>\n\n\n\n<p><\/p>\n\n\n\n<h3 class=\"wp-block-heading has-text-align-center\"><strong>2 Dol\u00e7a Catalunya<\/strong><\/h3>\n\n\n\n<h3 class=\"wp-block-heading has-text-align-center\">Dol\u00e7a Catalunya P\u00e0tria des meu cor<br>Mai et deixarem sola i volem lluitar per tu<\/h3>\n\n\n\n<p class=\"has-text-align-center\">No perdis s\u2019esperan\u00e7a<br>El cam\u00ed es llarg i dur<br>Per\u00f2 des de temps immemorables<br>Hem lluitat per mi i per tu<\/p>\n\n\n\n<p class=\"has-text-align-center\"><strong>S\u00f3n molts anys d\u2019hist\u00f2ria<\/strong><br><strong>Que tenim els catalans<\/strong><br><strong>Per\u00f2 tots ben junts podrem<\/strong><br>Assolir i gaudir sa nostra Llibertat<\/p>\n\n\n\n<p class=\"has-text-align-center\">Nostre dol\u00e7a est\u00e0 ferida<br>Per\u00f2 no dubteu des catalans<br>Que lluitarem per Catalunya<br>I per la seva Llibertat<\/p>\n\n\n\n<p class=\"has-text-align-center\"><strong>Visca Catalunya<\/strong><br><strong>Visca es Catalans<\/strong><br><strong>Visca sa nostra Senyera<\/strong><br><strong>I sa nostra Llibertat<\/strong><\/p>\n\n\n\n<p class=\"has-text-align-center\">\u2014\u2014\u2014\u2014\u2014\u2014\u2014\u2014\u2014\u2014\u2014\u2014\u2014<\/p>\n\n\n\n<figure class=\"wp-block-audio\"><audio controls src=\"https:\/\/enricgine.cat\/en\/wp-content\/uploads\/1999\/04\/3-Paisos-Catalans-\u203c\ufe0f\u2b50\ufe0f\u203c\ufe0f-\u203c\ufe0f\u2b50\ufe0f\u203c\ufe0f-.wav\"><\/audio><\/figure>\n\n\n\n<p><\/p>\n\n\n\n<h3 class=\"wp-block-heading has-text-align-center\"><strong>3 Pa\u00efsos Catalans<\/strong><\/h3>\n\n\n\n<p class=\"has-text-align-center\">Sa historia \u00e9s sa nostre for\u00e7a<br>sa Llengua \u00e9s sa nostra sang<\/p>\n\n\n\n<p class=\"has-text-align-center\">Sa Gent \u00e9s orgull d\u2019aquest poble<br>Que l\u2019\u00fanic que vol \u00e9s Llibertat<\/p>\n\n\n\n<p class=\"has-text-align-center\">Cel Mar i Muntanya \u00e9s aquest Pa\u00eds form\u00f3s<br>De Salses a Guardamar i de Fraga a Ma\u00f3.<\/p>\n\n\n\n<p class=\"has-text-align-center\"><strong>Sempre hem sigut, som i serem<\/strong><br><strong>Germans per a sa Pau des nostres ideals<\/strong><\/p>\n\n\n\n<p class=\"has-text-align-center\"><strong>Sa Llengua i Cultura sa Terra i sa gent<\/strong><\/p>\n\n\n\n<p class=\"has-text-align-center\"><strong>Sa nostra Senyera i sa nostra Llibertat<\/strong><br><strong>Pa\u00efsos Catalans<\/strong><\/p>\n\n\n\n<p class=\"has-text-align-center\">Sa nostra identitat \u00e9s molt forta<br>Aqu\u00ed als Pa\u00efsos Catalans<\/p>\n\n\n\n<p class=\"has-text-align-center\">Sa rauxa est\u00e0 ben controlada<br>Amb aquest forts sentiments<\/p>\n\n\n\n<p class=\"has-text-align-center\">Lluitarem com sempre ho hem fet<\/p>\n\n\n\n<p class=\"has-text-align-center\">Contra repressi\u00f3 i ocupaci\u00f3<br>Fins que aquesta estigui Lliure<br>D\u2019enemics i represos<\/p>\n\n\n\n<p class=\"has-text-align-center\">Sa historia \u00e9s sa nostre for\u00e7a<br>Sa Llengua \u00e9s sa nostra sang<\/p>\n\n\n\n<p class=\"has-text-align-center\">Sa Gent \u00e9s orgull d\u2019aquest poble<br>Que l\u2019\u00fanic que vol es Llibertat<\/p>\n\n\n\n<p class=\"has-text-align-center\">Cel Mar i Muntanya \u00e9s aquest Pa\u00eds form\u00f3s<\/p>\n\n\n\n<p class=\"has-text-align-center\"><strong>De Salses a Guardamar i de Fraga a Ma\u00f3<\/strong><\/p>\n\n\n\n<p class=\"has-text-align-center\"><strong>I de Fraga a Ma\u00f3.<\/strong><\/p>\n\n\n\n<p class=\"has-text-align-center\">*************************************<\/p>\n\n\n\n<figure class=\"wp-block-audio\"><audio controls src=\"https:\/\/enricgine.cat\/en\/wp-content\/uploads\/1999\/04\/4-Llibertat-\u203c\ufe0f\u2b50\ufe0f\u203c\ufe0f-\u203c\ufe0f\u2b50\ufe0f\u203c\ufe0f.wav\"><\/audio><\/figure>\n\n\n\n<p><\/p>\n\n\n\n<h3 class=\"wp-block-heading has-text-align-center\"><strong>4 Llibertat<\/strong><\/h3>\n\n\n\n<h3 class=\"wp-block-heading has-text-align-center\">Llibertat Llibertat Llibertat<\/h3>\n\n\n\n<h2 class=\"wp-block-heading has-text-align-center\">Catalunya \u00e9s sa nostra naci\u00f3<\/h2>\n\n\n\n<h2 class=\"wp-block-heading has-text-align-center\">I volem sa nostra llengua<\/h2>\n\n\n\n<h2 class=\"wp-block-heading has-text-align-center\">Protegim sa nostra senyera<\/h2>\n\n\n\n<h2 class=\"wp-block-heading has-text-align-center\">I defensem sa nostra gent<\/h2>\n\n\n\n<h2 class=\"wp-block-heading has-text-align-center\">I guardem sa nostra terra<\/h2>\n\n\n\n<h2 class=\"wp-block-heading has-text-align-center\">Llibertat llibertat llibertat<\/h2>\n\n\n\n<h2 class=\"wp-block-heading has-text-align-center\">Llibertat Just\u00edcia i Benestar<\/h2>\n\n\n\n<h2 class=\"wp-block-heading has-text-align-center\">Vencerem as final<\/h2>\n\n\n\n<h2 class=\"wp-block-heading has-text-align-center\">I sa Pau regnar\u00e0 i com<\/h2>\n\n\n\n<h2 class=\"wp-block-heading has-text-align-center\">Germans viurem<\/h2>\n\n\n\n<h2 class=\"wp-block-heading has-text-align-center\">Amb Llibertat Llibertat<\/h2>\n\n\n\n<h2 class=\"wp-block-heading has-text-align-center\">&nbsp;<strong>Molts s\u00f3n els que sa vida<\/strong><\/h2>\n\n\n\n<h2 class=\"wp-block-heading has-text-align-center\"><strong>lliuraren<\/strong><\/h2>\n\n\n\n<h2 class=\"wp-block-heading has-text-align-center\"><strong>nostra trista hist\u00f2ria<\/strong><\/h2>\n\n\n\n<h2 class=\"wp-block-heading has-text-align-center\"><\/h2>\n\n\n\n<h2 class=\"wp-block-heading has-text-align-center\"><strong>Est\u00e0 plena<\/strong><\/h2>\n\n\n\n<h2 class=\"wp-block-heading has-text-align-center\"><strong>D&#8217;orgull<\/strong><\/h2>\n\n\n\n<h2 class=\"wp-block-heading has-text-align-center\"><strong>Malgrat que&nbsp; hi ha gent que no ho volen<\/strong><\/h2>\n\n\n\n<h2 class=\"wp-block-heading has-text-align-center\"><strong>Per\u00f2 lluitarem fins al final<\/strong><\/h2>\n\n\n\n<h2 class=\"wp-block-heading has-text-align-center\">Llibertat llibertat llibertat<\/h2>\n\n\n\n<h2 class=\"wp-block-heading has-text-align-center\">Llibertat per a un poble oprimit<\/h2>\n\n\n\n<h2 class=\"wp-block-heading has-text-align-center\">Quan de temps ha passat<\/h2>\n\n\n\n<h2 class=\"wp-block-heading has-text-align-center\">Que hem perdut es nostres drets<\/h2>\n\n\n\n<h2 class=\"wp-block-heading has-text-align-center\">Per\u00f2 ben junts serem mes forts<\/h2>\n\n\n\n<h2 class=\"wp-block-heading has-text-align-center\">I assolirem sa llibertat<\/h2>\n\n\n\n<h2 class=\"wp-block-heading has-text-align-center\">per\u00f2 ben junts serem mes forts<\/h2>\n\n\n\n<h2 class=\"wp-block-heading has-text-align-center\">i assolirem sa llibertat<\/h2>\n\n\n\n<h2 class=\"wp-block-heading has-text-align-center\"><\/h2>\n\n\n\n<h2 class=\"wp-block-heading has-text-align-center\"><strong>Lli<\/strong><\/h2>\n\n\n\n<h2 class=\"wp-block-heading has-text-align-center\"><strong>ber<\/strong><\/h2>\n\n\n\n<p class=\"has-text-align-center\"><strong>tat<\/strong><\/p>\n\n\n\n<p><strong>Composta l\u2019any 1976<\/strong><\/p>\n\n\n\n<p>\u2014\u2014\u2014\u2014\u2014\u2014\u2014\u2014\u2014\u2014\u2014\u2014\u2014\u2014\u2013<\/p>\n\n\n\n<figure class=\"wp-block-audio\"><audio controls src=\"https:\/\/enricgine.cat\/en\/wp-content\/uploads\/1999\/04\/5-Tossa-Bella-\u203c\ufe0f\u2b50\ufe0f\u203c\ufe0f-\u203c\ufe0f\u2b50\ufe0f\u203c\ufe0f.wav\"><\/audio><\/figure>\n\n\n\n<h3 class=\"wp-block-heading has-text-align-center\"><strong>5 Tossa Bella<\/strong><\/h3>\n\n\n\n<p class=\"has-text-align-center\">Al Sud de la Costa Brava<\/p>\n\n\n\n<p class=\"has-text-align-center\">Hi ha un poblet m\u00e0gic i blau<\/p>\n\n\n\n<p class=\"has-text-align-center\">Quatre cales t\u00e9 la Vila<\/p>\n\n\n\n<p class=\"has-text-align-center\">sa Palma, Reig, Gran i es Codolar<\/p>\n\n\n\n<p class=\"has-text-align-center\">Lo primer que es veu a Tossa<\/p>\n\n\n\n<p class=\"has-text-align-center\">\u00e9s es tur\u00f3 des cap d\u2019Or<\/p>\n\n\n\n<p class=\"has-text-align-center\">es Far i ses muralles<\/p>\n\n\n\n<p class=\"has-text-align-center\">i la mar amb sa blavor<\/p>\n\n\n\n<p class=\"has-text-align-center\"><strong>Tossa Bella ets encisadora<\/strong><\/p>\n\n\n\n<p class=\"has-text-align-center\"><strong>Amb ses cales blaues i llocs<\/strong><\/p>\n\n\n\n<p class=\"has-text-align-center\"><strong>encantats<\/strong><\/p>\n\n\n\n<p class=\"has-text-align-center\"><strong>Tossa ets estimada i est\u00e0s<\/strong><\/p>\n\n\n\n<p class=\"has-text-align-center\"><strong>molt dintre des nostre cor<\/strong><\/p>\n\n\n\n<p class=\"has-text-align-center\">Vila Vella \u00e9s mil\u00b7len\u00e0ria<\/p>\n\n\n\n<p class=\"has-text-align-center\">et transporta a un somni molt<\/p>\n\n\n\n<p class=\"has-text-align-center\">real<\/p>\n\n\n\n<p class=\"has-text-align-center\">aix\u00ed \u00e9s Tossa Bella<\/p>\n\n\n\n<p class=\"has-text-align-center\">sempre la recordar\u00e0s<\/p>\n\n\n\n<p class=\"has-text-align-center\">Es Puig de ses Cadiretes<\/p>\n\n\n\n<p class=\"has-text-align-center\">\u00e9s el lloc m\u00e9s alt que hi ha<\/p>\n\n\n\n<p class=\"has-text-align-center\">tocant el cel divises<\/p>\n\n\n\n<p class=\"has-text-align-center\">es parad\u00eds terrenal<\/p>\n\n\n\n<p class=\"has-text-align-center\"><strong>Tossa Bella ets encisadora<\/strong><\/p>\n\n\n\n<p class=\"has-text-align-center\"><strong>Amb ses cales blaues i llocs<\/strong><\/p>\n\n\n\n<p class=\"has-text-align-center\"><strong>encantats<\/strong><\/p>\n\n\n\n<p class=\"has-text-align-center\"><strong>Tossa ets estimada i est\u00e0s<\/strong><\/p>\n\n\n\n<p class=\"has-text-align-center\"><strong>molt dintre des nostre cor<\/strong><\/p>\n\n\n\n<p class=\"has-text-align-center\">S\u2019amaga entre mig de turons<\/p>\n\n\n\n<p class=\"has-text-align-center\">es Coll de Sastre i Sant Grau,<\/p>\n\n\n\n<p class=\"has-text-align-center\">Montllor, sa Coma i els Cards<\/p>\n\n\n\n<p class=\"has-text-align-center\">sa Gabarra, Terra Negra<\/p>\n\n\n\n<p class=\"has-text-align-center\">i Puignau<\/p>\n\n\n\n<p class=\"has-text-align-center\">La Mare de D\u00e9u de Gr\u00e0cia<\/p>\n\n\n\n<p class=\"has-text-align-center\">ses Alzines i can Mart\u00ed,<\/p>\n\n\n\n<p class=\"has-text-align-center\">Puig Gros i Puig d\u2019en Pela<\/p>\n\n\n\n<p class=\"has-text-align-center\">Giverola i Porto Pi<\/p>\n\n\n\n<p class=\"has-text-align-center\"><strong>Tossa Bella ets encisadora<\/strong><\/p>\n\n\n\n<p class=\"has-text-align-center\"><strong>Amb ses cales blaues i llocs<\/strong><\/p>\n\n\n\n<p class=\"has-text-align-center\"><strong>encantats<\/strong><\/p>\n\n\n\n<p class=\"has-text-align-center\"><strong>Tossa ets estimada i est\u00e0s<\/strong><\/p>\n\n\n\n<p class=\"has-text-align-center\"><strong>molt dintre des nostre cor<\/strong><\/p>\n\n\n\n<p class=\"has-text-align-center\">Cinc-cents anys de<\/p>\n\n\n\n<p class=\"has-text-align-center\">pelegrinatge<\/p>\n\n\n\n<p class=\"has-text-align-center\">complim cada vint de gener<\/p>\n\n\n\n<p class=\"has-text-align-center\">anem a peu i molts descal\u00e7os<\/p>\n\n\n\n<p class=\"has-text-align-center\">a Santa Coloma de Farners<\/p>\n\n\n\n<p class=\"has-text-align-center\"><strong>Tossa Bella ets encisadora<\/strong><\/p>\n\n\n\n<p class=\"has-text-align-center\"><strong>Amb ses cales blaues i llocs,<\/strong><\/p>\n\n\n\n<p class=\"has-text-align-center\"><strong>encantats<\/strong><\/p>\n\n\n\n<p class=\"has-text-align-center\"><strong>Tossa ets estimada i est\u00e0s<\/strong><\/p>\n\n\n\n<p class=\"has-text-align-center\"><strong>molt dintre des nostre cor<\/strong><\/p>\n\n\n\n<p class=\"has-text-align-center\"><strong>Tossa Bella<\/strong><\/p>\n\n\n\n<p class=\"has-text-align-center\"><strong>Tossa Bella<\/strong><\/p>\n\n\n\n<p class=\"has-text-align-center\"><strong>des meu cor<\/strong><\/p>\n\n\n\n<p class=\"has-text-align-center\">*****************************************************<\/p>\n\n\n\n<figure class=\"wp-block-audio\"><audio controls src=\"https:\/\/enricgine.cat\/en\/wp-content\/uploads\/1999\/04\/1-Estimem-nos-\u2665\u2665.wav\"><\/audio><\/figure>\n\n\n\n<p><\/p>\n\n\n\n<h2 class=\"wp-block-heading has-text-align-center\"><strong>6 Estimen-nos<\/strong><\/h2>\n\n\n\n<p class=\"has-text-align-center\">Quina tristesa que hi ha al m\u00f3n<\/p>\n\n\n\n<p class=\"has-text-align-center\">odi enveja i assetjament<\/p>\n\n\n\n<p class=\"has-text-align-center\">Malalties i baralles molta<\/p>\n\n\n\n<p class=\"has-text-align-center\">Pobresa mis\u00e8ries i fam<\/p>\n\n\n\n<p class=\"has-text-align-center\">Guerres i lluites matar per<\/p>\n\n\n\n<p class=\"has-text-align-center\">Desig<\/p>\n\n\n\n<p class=\"has-text-align-center\">Robar enganyar destruir<\/p>\n\n\n\n<p class=\"has-text-align-center\">Fer mal<\/p>\n\n\n\n<p class=\"has-text-align-center\">Nom\u00e9s per gaudir<\/p>\n\n\n\n<p class=\"has-text-align-center\">Que \u00e9s l\u2019home que vol fer aix\u00f2<\/p>\n\n\n\n<p class=\"has-text-align-center\">Que ell vol destruir-se<\/p>\n\n\n\n<p class=\"has-text-align-center\">Nomes per plaer<\/p>\n\n\n\n<p class=\"has-text-align-center\">L\u2019home mata i lluita<\/p>\n\n\n\n<p class=\"has-text-align-center\">Crea mis\u00e8ria i destrucci\u00f3<\/p>\n\n\n\n<p class=\"has-text-align-center\">Trag\u00e8dies desgr\u00e0cies<\/p>\n\n\n\n<p class=\"has-text-align-center\">Extermini i mortaldat<\/p>\n\n\n\n<p class=\"has-text-align-center\">Aix\u00f2 no \u00e9s l\u2019home que volem<\/p>\n\n\n\n<p class=\"has-text-align-center\">Sense baralles ni guerres ni morts<\/p>\n\n\n\n<p class=\"has-text-align-center\"><strong>Estimem protegim l\u2019ambient<\/strong><\/p>\n\n\n\n<p class=\"has-text-align-center\"><strong>Estimem i protegim la natura<\/strong><\/p>\n\n\n\n<p class=\"has-text-align-center\"><strong>Estimem els nostres germans<\/strong><\/p>\n\n\n\n<p class=\"has-text-align-center\"><strong>\u00c9s igual qui sigui i d\u2019on vinguin<\/strong><\/p>\n\n\n\n<p class=\"has-text-align-center\"><strong>I la terra ser\u00e0 el parad\u00eds de tots<\/strong><\/p>\n\n\n\n<p class=\"has-text-align-center\">Hem d\u2019estimar-nos<\/p>\n\n\n\n<p class=\"has-text-align-center\">Si volem subsistir<\/p>\n\n\n\n<p class=\"has-text-align-center\">No hi ha res millor<\/p>\n\n\n\n<p class=\"has-text-align-center\">Com l\u2019estimaci\u00f3<\/p>\n\n\n\n<p class=\"has-text-align-center\">\u00c9s fruit del pare i la mare<\/p>\n\n\n\n<p class=\"has-text-align-center\">I els germans de tot el m\u00f3n<\/p>\n\n\n\n<p class=\"has-text-align-center\">Estima el Pro\u00efsme com a tu<\/p>\n\n\n\n<p class=\"has-text-align-center\">Mateix<\/p>\n\n\n\n<p class=\"has-text-align-center\">Veur\u00e0s un m\u00f3n ple de felicitat<\/p>\n\n\n\n<p class=\"has-text-align-center\">Tots gaudint del que tenim<\/p>\n\n\n\n<p class=\"has-text-align-center\">I tots ajudant com a bons<\/p>\n\n\n\n<p class=\"has-text-align-center\">Germans<\/p>\n\n\n\n<p class=\"has-text-align-center\">.<\/p>\n\n\n\n<p class=\"has-text-align-center\">No, no \u00e9s un somni aix\u00f2 \u00e9s<\/p>\n\n\n\n<p class=\"has-text-align-center\">Ben real nom\u00e9s hi ha lloc<\/p>\n\n\n\n<p class=\"has-text-align-center\">&nbsp;Per l\u2019amor i la felicitat<\/p>\n\n\n\n<p class=\"has-text-align-center\">Veur\u00e0s quina Meravella<\/p>\n\n\n\n<p class=\"has-text-align-center\">De m\u00f3n que vivim<\/p>\n\n\n\n<p class=\"has-text-align-center\">Envoltats de gent<\/p>\n\n\n\n<p class=\"has-text-align-center\">Molt per\u00f2 molt Feli\u00e7<\/p>\n\n\n\n<p class=\"has-text-align-center\"><strong>Estimem protegim l\u2019ambient<\/strong><\/p>\n\n\n\n<p class=\"has-text-align-center\"><strong>Estimem i protegim la natura<\/strong><\/p>\n\n\n\n<p class=\"has-text-align-center\"><strong>Estimem els nostres germans<\/strong><\/p>\n\n\n\n<p class=\"has-text-align-center\"><strong>\u00c9s igual qui sigui i d\u2019on vinguin<\/strong><\/p>\n\n\n\n<p class=\"has-text-align-center\"><strong>I la terra ser\u00e0 el parad\u00eds de tots<\/strong><\/p>\n\n\n\n<p class=\"has-text-align-center\"><strong>Estimem-nos<\/strong><\/p>\n\n\n\n<p class=\"has-text-align-center\"><strong>Estimem-nos<\/strong><\/p>\n\n\n\n<p class=\"has-text-align-center\"><strong>Estimem-nos<\/strong><\/p>\n\n\n\n<p class=\"has-text-align-center\">******************************************<\/p>\n\n\n\n<figure class=\"wp-block-audio\"><audio controls src=\"https:\/\/enricgine.cat\/en\/wp-content\/uploads\/1999\/04\/2-Amemonos-\u2665\u2665-.wav\"><\/audio><\/figure>\n\n\n\n<p><\/p>\n\n\n\n<h3 class=\"wp-block-heading has-text-align-center\"><strong>7 Amemosnos<\/strong><\/h3>\n\n\n\n<p class=\"has-text-align-center\">Cuanta tristeza que hay en el mundo<\/p>\n\n\n\n<p class=\"has-text-align-center\">&nbsp;Odio envidia<\/p>\n\n\n\n<p class=\"has-text-align-center\">Y acoso tambi\u00e9n<\/p>\n\n\n\n<p class=\"has-text-align-center\">Enfermedades y peleas<\/p>\n\n\n\n<p class=\"has-text-align-center\">&nbsp;Mucha pobreza<\/p>\n\n\n\n<p class=\"has-text-align-center\">&nbsp;Miserias y hambre<\/p>\n\n\n\n<p class=\"has-text-align-center\">Guerras y luchas<\/p>\n\n\n\n<p class=\"has-text-align-center\">&nbsp;Matar por placer<\/p>\n\n\n\n<p class=\"has-text-align-center\">Robar enga\u00f1ar destruir hacer da\u00f1o<\/p>\n\n\n\n<p class=\"has-text-align-center\">&nbsp;S\u00f3lo por puro Placer<\/p>\n\n\n\n<p class=\"has-text-align-center\">Que es el hombre<\/p>\n\n\n\n<p class=\"has-text-align-center\">&nbsp;Que hace todo esto<\/p>\n\n\n\n<p class=\"has-text-align-center\">Solo para destruirse<\/p>\n\n\n\n<p class=\"has-text-align-center\">&nbsp;Y por placer<\/p>\n\n\n\n<p class=\"has-text-align-center\">El hombre mata y lucha<\/p>\n\n\n\n<p class=\"has-text-align-center\">Crea miseria y destrucci\u00f3n<\/p>\n\n\n\n<p class=\"has-text-align-center\">&nbsp;Tragedias desgracias<\/p>\n\n\n\n<p class=\"has-text-align-center\">&nbsp;Exterminio y mortalidad<\/p>\n\n\n\n<p class=\"has-text-align-center\">As\u00ed no es el hombre<\/p>\n\n\n\n<p class=\"has-text-align-center\">Que deseamos<\/p>\n\n\n\n<p class=\"has-text-align-center\">&nbsp;Sin ninguna pelea ni guerras y con paz<\/p>\n\n\n\n<p class=\"has-text-align-center\"><strong>Am\u00e9monos protejamos el ambiente<\/strong><\/p>\n\n\n\n<p class=\"has-text-align-center\"><strong>Am\u00e9monos y protejamos la natura<\/strong><\/p>\n\n\n\n<p class=\"has-text-align-center\"><strong>Am\u00e9monos a nuestros hermanos<\/strong><\/p>\n\n\n\n<p class=\"has-text-align-center\"><strong>&nbsp;Es igual quien sea y donde vengan<\/strong><\/p>\n\n\n\n<p class=\"has-text-align-center\"><strong>Y la tierra ser\u00e1 el para\u00edso de todos<\/strong><\/p>\n\n\n\n<p class=\"has-text-align-center\">Tenemos que amarnos<\/p>\n\n\n\n<p class=\"has-text-align-center\">Si queremos subsistir<\/p>\n\n\n\n<p class=\"has-text-align-center\">No hay nada mejor que el amor<\/p>\n\n\n\n<p class=\"has-text-align-center\">Es fruto del Padre&nbsp; y la Madre<\/p>\n\n\n\n<p class=\"has-text-align-center\">Y de los hermanos de toda la creaci\u00f3n<\/p>\n\n\n\n<p class=\"has-text-align-center\">Ama tu pr\u00f3jimo como a ti mismo<\/p>\n\n\n\n<p class=\"has-text-align-center\">&nbsp;Ver\u00e1s un mundo<\/p>\n\n\n\n<p class=\"has-text-align-center\">&nbsp;Lleno de felicidad<\/p>\n\n\n\n<p class=\"has-text-align-center\">Todos gozando de lo que poseemos<\/p>\n\n\n\n<p class=\"has-text-align-center\">Y ayud\u00e1ndonos con fraternidad<\/p>\n\n\n\n<p class=\"has-text-align-center\">No no es un sue\u00f1o esto es muy real<\/p>\n\n\n\n<p class=\"has-text-align-center\">S\u00f3lo hay tiempo<\/p>\n\n\n\n<p class=\"has-text-align-center\">Para el amor y la felicidad<\/p>\n\n\n\n<p class=\"has-text-align-center\">Ver\u00e1s qu\u00e9 maravilla<\/p>\n\n\n\n<p class=\"has-text-align-center\">De mundo que vivimos<\/p>\n\n\n\n<p class=\"has-text-align-center\">Rodeados de gente muy<\/p>\n\n\n\n<p class=\"has-text-align-center\">pero muy feliz<\/p>\n\n\n\n<p class=\"has-text-align-center\"><strong>Am\u00e9monos protejamos el ambiente<\/strong><\/p>\n\n\n\n<p class=\"has-text-align-center\"><strong>&nbsp;Am\u00e9monos y protejamos la natura<\/strong><\/p>\n\n\n\n<p class=\"has-text-align-center\"><strong>Am\u00e9monos a nuestros hermanos<\/strong><\/p>\n\n\n\n<p class=\"has-text-align-center\"><strong>&nbsp;Es igual quien sea y donde vengan<\/strong><\/p>\n\n\n\n<p class=\"has-text-align-center\"><strong>Y la tierra ser\u00e1 el para\u00edso de todos<\/strong><\/p>\n\n\n\n<p class=\"has-text-align-center\"><strong>Am\u00e9monos<\/strong><\/p>\n\n\n\n<p class=\"has-text-align-center\"><strong>Am\u00e9monos i<\/strong><\/p>\n\n\n\n<p class=\"has-text-align-center\"><strong>Am\u00e9monos<\/strong><\/p>\n\n\n\n<h2 class=\"wp-block-heading has-text-align-center\">****************************<\/h2>\n\n\n\n<figure class=\"wp-block-audio\"><audio controls src=\"https:\/\/enricgine.cat\/en\/wp-content\/uploads\/1999\/04\/3-Lad-os-Elske-\u2665\u2665.wav\"><\/audio><\/figure>\n\n\n\n<p><\/p>\n\n\n\n<p class=\"has-text-align-center\"><strong>8 Lad os Elske<\/strong><\/p>\n\n\n\n<p class=\"has-text-align-center\">Hvor meget sorg<\/p>\n\n\n\n<p class=\"has-text-align-center\">Der er i verden<\/p>\n\n\n\n<p class=\"has-text-align-center\">Had misundelse og chikane ogs\u00e5<\/p>\n\n\n\n<p class=\"has-text-align-center\">Sygdomme og stridigheder<\/p>\n\n\n\n<p class=\"has-text-align-center\">Meget fattigdom<\/p>\n\n\n\n<p class=\"has-text-align-center\">Elendighed og sult<\/p>\n\n\n\n<p class=\"has-text-align-center\">Krig og kampe<\/p>\n\n\n\n<p class=\"has-text-align-center\">For forn\u00f8jelsens skyld<\/p>\n\n\n\n<p class=\"has-text-align-center\">At stj\u00e6le bedrage \u00f8del\u00e6gge<\/p>\n\n\n\n<p class=\"has-text-align-center\">Skade kun for<\/p>\n\n\n\n<p class=\"has-text-align-center\">Forn\u00f8jelsens skyld<\/p>\n\n\n\n<p class=\"has-text-align-center\">Hvem er den manden<\/p>\n\n\n\n<p class=\"has-text-align-center\">At g\u00f8r alt dette<\/p>\n\n\n\n<p class=\"has-text-align-center\">Kun for at \u00f8del\u00e6gge sig selv<\/p>\n\n\n\n<p class=\"has-text-align-center\">Og for forn\u00f8jelsens skyld<\/p>\n\n\n\n<p class=\"has-text-align-center\">Mennesket dr\u00e6ber og<\/p>\n\n\n\n<p class=\"has-text-align-center\">K\u00e6mper skaber elendighed<\/p>\n\n\n\n<p class=\"has-text-align-center\">Og \u00f8del\u00e6ggelse<\/p>\n\n\n\n<p class=\"has-text-align-center\">Tragedier ulykker<\/p>\n\n\n\n<p class=\"has-text-align-center\">Udryddelse og d\u00f8delighed<\/p>\n\n\n\n<p class=\"has-text-align-center\">S\u00e5dan er ikke de menneske vi<\/p>\n\n\n\n<p class=\"has-text-align-center\">\u00d8nsker<\/p>\n\n\n\n<p class=\"has-text-align-center\">Uden kampe eller krige og<\/p>\n\n\n\n<p class=\"has-text-align-center\">Med fred<\/p>\n\n\n\n<p class=\"has-text-align-center\"><strong>Lad os elske og beskytte<\/strong><\/p>\n\n\n\n<p class=\"has-text-align-center\"><strong>Milj\u00f8et<\/strong><\/p>\n\n\n\n<p class=\"has-text-align-center\"><strong>Lad os elske og beskytte<\/strong><\/p>\n\n\n\n<p class=\"has-text-align-center\"><strong>Naturen<\/strong><\/p>\n\n\n\n<p class=\"has-text-align-center\"><strong>Lad os elske vores br\u00f8dre<\/strong><\/p>\n\n\n\n<p class=\"has-text-align-center\"><strong>Uanset hvem de er, og hvor de<\/strong><\/p>\n\n\n\n<p class=\"has-text-align-center\"><strong>Kommer fra<\/strong><\/p>\n\n\n\n<p class=\"has-text-align-center\"><strong>Og jorden vil v\u00e6re et paradis<\/strong><\/p>\n\n\n\n<p class=\"has-text-align-center\"><strong>For alle<\/strong><\/p>\n\n\n\n<figure class=\"wp-block-audio\"><audio controls src=\"https:\/\/enricgine.cat\/en\/wp-content\/uploads\/1999\/04\/4-Let-us-Lov-\u2665\u2665.wav\"><\/audio><\/figure>\n\n\n\n<p><\/p>\n\n\n\n<p class=\"has-text-align-center\"><strong>9 Let us Lov<\/strong><\/p>\n\n\n\n<p class=\"has-text-align-center\">So much sorrow there<\/p>\n\n\n\n<p class=\"has-text-align-center\">is in this world<br>hatred envy bullying as well<\/p>\n\n\n\n<p class=\"has-text-align-center\">Illness fighting people<\/p>\n\n\n\n<p class=\"has-text-align-center\">hurting so much poverty<br>misery and hunger<\/p>\n\n\n\n<p class=\"has-text-align-center\">Wars and endless struggles<br>killing just for fun<br>steal and cheat and wreck<\/p>\n\n\n\n<p class=\"has-text-align-center\">things hurting others<br>only for the thrill<\/p>\n\n\n\n<p class=\"has-text-align-center\">What is mankind doing all of<\/p>\n\n\n\n<p class=\"has-text-align-center\">This just to break itself and for<\/p>\n\n\n\n<p class=\"has-text-align-center\">a thrill<\/p>\n\n\n\n<p class=\"has-text-align-center\">Man keeps killing always<\/p>\n\n\n\n<p class=\"has-text-align-center\">fighting<br>spreading misery destruction<br>tragedy and ruin<\/p>\n\n\n\n<p class=\"has-text-align-center\">Extinction death everywhere<br>this is not the man that we all<\/p>\n\n\n\n<p class=\"has-text-align-center\">want<\/p>\n\n\n\n<p class=\"has-text-align-center\">with no more fighting<br>no more wars just peace<\/p>\n\n\n\n<p class=\"has-text-align-center\"><strong>Let\u2019s love<br>let\u2019s protect the environment<br>let\u2019s love<br>and protect all nature<br>let\u2019s love<br>all of our brothers<\/strong><\/p>\n\n\n\n<p class=\"has-text-align-center\"><strong><br>No matter who they are or<\/strong><\/p>\n\n\n\n<p class=\"has-text-align-center\"><strong>where they come from and the<\/strong><\/p>\n\n\n\n<p class=\"has-text-align-center\"><strong>earth will be a paradise for<\/strong><\/p>\n\n\n\n<p class=\"has-text-align-center\"><strong>everyone<\/strong><\/p>\n\n\n\n<p class=\"has-text-align-center\">We must learn to love<br>if we want to stay alive<br>there is nothing better than true<\/p>\n\n\n\n<p class=\"has-text-align-center\">love<br>born of father and mother<br>and of brothers in all creation<\/p>\n\n\n\n<p class=\"has-text-align-center\">Love your neighbour<br>as you love yourself<br>you will see a world that\u2019s<\/p>\n\n\n\n<p class=\"has-text-align-center\">full of joy<\/p>\n\n\n\n<p class=\"has-text-align-center\">Everyone sharing<br>all that we are given<br>and helping each other<br>with brotherhood<\/p>\n\n\n\n<p class=\"has-text-align-center\">No this is no dream<\/p>\n\n\n\n<p class=\"has-text-align-center\">this is really real<br>there is only time<\/p>\n\n\n\n<p class=\"has-text-align-center\">for love and joy<\/p>\n\n\n\n<p class=\"has-text-align-center\">You will see the wonder<br>of the world we live in<br>surrounded by people who are<br>so very happy<\/p>\n\n\n\n<p class=\"has-text-align-center\"><strong>Let us love<br>and protect the environment<br>let us love<br>and protect all nature<br>let us love<br>all of our brothers<\/strong><\/p>\n\n\n\n<p class=\"has-text-align-center\"><strong>No matter who they are or<\/strong><\/p>\n\n\n\n<p class=\"has-text-align-center\"><strong>where they come from<br>and the Earth will be a<\/strong><\/p>\n\n\n\n<p class=\"has-text-align-center\"><strong>paradise for everyone<\/strong><\/p>\n\n\n\n<p class=\"has-text-align-center\"><strong>let us love<\/strong><\/p>\n\n\n\n<p class=\"has-text-align-center\"><strong>let us love<\/strong><\/p>\n\n\n\n<p class=\"has-text-align-center\"><strong>oh, let us love<\/strong><\/p>\n\n\n\n<p class=\"has-text-align-center\">\u2014\u2014\u2014\u2014\u2014\u2014\u2014\u2014\u2014\u2014\u2014\u2014\u2014\u2014\u2014\u2013<\/p>\n\n\n\n<figure class=\"wp-block-audio\"><audio controls src=\"https:\/\/enricgine.cat\/en\/wp-content\/uploads\/1999\/04\/5-Despertem-nos-\u2665\u2665.wav\"><\/audio><\/figure>\n\n\n\n<p><\/p>\n\n\n\n<h3 class=\"wp-block-heading has-text-align-center\"><strong>10 Despertem-nos<\/strong><\/h3>\n\n\n\n<p><\/p>\n\n\n\n<p class=\"has-text-align-center\">Un petonet a la cara<\/p>\n\n\n\n<p class=\"has-text-align-center\">Un petonet al front<\/p>\n\n\n\n<p class=\"has-text-align-center\">Una abra\u00e7ada molt forta<\/p>\n\n\n\n<p class=\"has-text-align-center\">&nbsp;&nbsp;Es el mes gran que hi ha mon<\/p>\n\n\n\n<p class=\"has-text-align-center\">Molts son els nostres germans<\/p>\n\n\n\n<p class=\"has-text-align-center\">Que passen fam i pobresa<\/p>\n\n\n\n<p class=\"has-text-align-center\">Sense treball i sense sostre<\/p>\n\n\n\n<p class=\"has-text-align-center\">&nbsp;&nbsp;I nosaltres amb el bra\u00e7os<\/p>\n\n\n\n<p class=\"has-text-align-center\">&nbsp;Plegats<\/p>\n\n\n\n<p class=\"has-text-align-center\">Estem embrutant-nos amb<\/p>\n\n\n\n<p class=\"has-text-align-center\">Guerres<\/p>\n\n\n\n<p class=\"has-text-align-center\">Lluitem contra els nostres<\/p>\n\n\n\n<p class=\"has-text-align-center\">&nbsp;Germans<\/p>\n\n\n\n<p class=\"has-text-align-center\">Com potser aix\u00f2 ser possible<\/p>\n\n\n\n<p class=\"has-text-align-center\">&nbsp;quan som molts els que no ho<\/p>\n\n\n\n<p class=\"has-text-align-center\">Volem<\/p>\n\n\n\n<p class=\"has-text-align-center\"><strong>Ajudem els nostres Germans<\/strong><\/p>\n\n\n\n<p class=\"has-text-align-center\"><strong>&nbsp;Per poder viure amb pau<\/strong><\/p>\n\n\n\n<p class=\"has-text-align-center\"><strong>Ajudem al nostre ambient<\/strong><\/p>\n\n\n\n<p class=\"has-text-align-center\"><strong>&nbsp;Per poder aix\u00ed subsistir<\/strong><\/p>\n\n\n\n<p class=\"has-text-align-center\"><strong>Si no ens volem ajudar<\/strong><\/p>\n\n\n\n<p class=\"has-text-align-center\"><strong>&nbsp;&nbsp;Mai assolirem la felicitat&nbsp;<\/strong><\/p>\n\n\n\n<p class=\"has-text-align-center\">Vivim en un estat molt salvatge<\/p>\n\n\n\n<p class=\"has-text-align-center\">No respectem ni el aire ni el aigua<\/p>\n\n\n\n<p class=\"has-text-align-center\">Ni els animals que hi vivim<\/p>\n\n\n\n<p class=\"has-text-align-center\">&nbsp;&nbsp;Ni la natura o el ambient<\/p>\n\n\n\n<p class=\"has-text-align-center\">Estem destruint on viu el home<\/p>\n\n\n\n<p class=\"has-text-align-center\">El nostre egoisme est\u00e0<\/p>\n\n\n\n<p class=\"has-text-align-center\">Destrossant-nos<\/p>\n\n\n\n<p class=\"has-text-align-center\">La nostre natura es preciosa<\/p>\n\n\n\n<p class=\"has-text-align-center\">&nbsp;Per\u00f2 quan ve l\u2019home ho<\/p>\n\n\n\n<p class=\"has-text-align-center\">Destru\u00efm<\/p>\n\n\n\n<p class=\"has-text-align-center\">No vulguem mes guerres ni<\/p>\n\n\n\n<p class=\"has-text-align-center\">Lluites<\/p>\n\n\n\n<p class=\"has-text-align-center\">Repartim tot entre tots<\/p>\n\n\n\n<p class=\"has-text-align-center\">Tenim lloc per els nostres<\/p>\n\n\n\n<p class=\"has-text-align-center\">Germans<\/p>\n\n\n\n<p class=\"has-text-align-center\">Per viure amb felicitat<\/p>\n\n\n\n<p class=\"has-text-align-center\"><strong>Hem d\u2019estimar &nbsp;on vivim<\/strong><\/p>\n\n\n\n<p class=\"has-text-align-center\"><strong>&nbsp;I amb tots els nostres germans<\/strong><\/p>\n\n\n\n<p class=\"has-text-align-center\"><strong>Despertem-nos estimats &nbsp;germans<\/strong><\/p>\n\n\n\n<p class=\"has-text-align-center\"><strong>&nbsp;Per gaudir amb el nostre<\/strong><\/p>\n\n\n\n<p class=\"has-text-align-center\"><strong>Ambient<\/strong><\/p>\n\n\n\n<p class=\"has-text-align-center\"><strong>Hem d\u2019estimar-nos tots junts<\/strong><\/p>\n\n\n\n<p class=\"has-text-align-center\"><strong>&nbsp;per a la nostre &nbsp;felicit<\/strong>at<\/p>\n\n\n\n<h2 class=\"wp-block-heading has-text-align-center\">****************************<\/h2>\n\n\n\n<figure class=\"wp-block-audio\"><audio controls src=\"https:\/\/enricgine.cat\/en\/wp-content\/uploads\/1999\/04\/6-Despertemonos-\u2665\u2665.wav\"><\/audio><\/figure>\n\n\n\n<p><\/p>\n\n\n\n<p class=\"has-text-align-center\"><strong>11 Despert\u00e9monos<\/strong><\/p>\n\n\n\n<p><\/p>\n\n\n\n<p class=\"has-text-align-center\">Un besito en la cara<\/p>\n\n\n\n<p class=\"has-text-align-center\">un besito en la frente<\/p>\n\n\n\n<p class=\"has-text-align-center\">un abrazo muy fuerte<\/p>\n\n\n\n<p class=\"has-text-align-center\">es lo mejor que hay en el mundo<\/p>\n\n\n\n<p class=\"has-text-align-center\">Muchos son nuestros<\/p>\n\n\n\n<p class=\"has-text-align-center\">hermanos<\/p>\n\n\n\n<p class=\"has-text-align-center\">que pasan hambre y pobreza<\/p>\n\n\n\n<p class=\"has-text-align-center\">sin trabajo y sin techo y<\/p>\n\n\n\n<p class=\"has-text-align-center\">nosotros<\/p>\n\n\n\n<p class=\"has-text-align-center\">&nbsp;con los brazos cruzados<\/p>\n\n\n\n<p class=\"has-text-align-center\">Estamos ensuci\u00e1ndonos con<\/p>\n\n\n\n<p class=\"has-text-align-center\">guerras<\/p>\n\n\n\n<p class=\"has-text-align-center\">luchamos contra nuestros<\/p>\n\n\n\n<p class=\"has-text-align-center\">hermanos<\/p>\n\n\n\n<p class=\"has-text-align-center\">c\u00f3mo puede ser posible<\/p>\n\n\n\n<p class=\"has-text-align-center\">s\u00ed muchos que no lo queremos<\/p>\n\n\n\n<p class=\"has-text-align-center\"><strong>Ayudemos nuestros hermanos<\/strong><\/p>\n\n\n\n<p class=\"has-text-align-center\"><strong>para as\u00ed vivir en paz<\/strong><\/p>\n\n\n\n<p class=\"has-text-align-center\"><strong>ayudemos a nuestro ambiente<\/strong><\/p>\n\n\n\n<p class=\"has-text-align-center\"><strong>para poder as\u00ed subsistir<\/strong><\/p>\n\n\n\n<p class=\"has-text-align-center\"><strong>si no queremos ayudarnos<\/strong><\/p>\n\n\n\n<p class=\"has-text-align-center\"><strong>nunca obtendremos la<\/strong><\/p>\n\n\n\n<p class=\"has-text-align-center\"><strong>felicidad<\/strong><\/p>\n\n\n\n<p class=\"has-text-align-center\">Vivimos en un estado muy<\/p>\n\n\n\n<p class=\"has-text-align-center\">salvaje<\/p>\n\n\n\n<p class=\"has-text-align-center\">no respetamos ni el aire ni el<\/p>\n\n\n\n<p class=\"has-text-align-center\">agua<\/p>\n\n\n\n<p class=\"has-text-align-center\">ni los animales que vivimos en<\/p>\n\n\n\n<p class=\"has-text-align-center\">ella<\/p>\n\n\n\n<p class=\"has-text-align-center\">ni la naturaleza o el ambiente<\/p>\n\n\n\n<p class=\"has-text-align-center\">Estamos destruyendo d\u00f3nde<\/p>\n\n\n\n<p class=\"has-text-align-center\">vivimos<\/p>\n\n\n\n<p class=\"has-text-align-center\">nuestro ego\u00edsmo est\u00e1<\/p>\n\n\n\n<p class=\"has-text-align-center\">destrozando nos<\/p>\n\n\n\n<p class=\"has-text-align-center\">nuestra naturaleza es muy<\/p>\n\n\n\n<p class=\"has-text-align-center\">preciosa<\/p>\n\n\n\n<p class=\"has-text-align-center\">pero cuando viene el hombre lo<\/p>\n\n\n\n<p class=\"has-text-align-center\">quiere destruir<\/p>\n\n\n\n<p class=\"has-text-align-center\">No queramos m\u00e1s guerras ni<\/p>\n\n\n\n<p class=\"has-text-align-center\">luchas<\/p>\n\n\n\n<p class=\"has-text-align-center\">repart\u00e1monos &nbsp;todo entre<\/p>\n\n\n\n<p class=\"has-text-align-center\">todos<\/p>\n\n\n\n<p class=\"has-text-align-center\">tenemos sitio para nuestros<\/p>\n\n\n\n<p class=\"has-text-align-center\">hermanos<\/p>\n\n\n\n<p class=\"has-text-align-center\">para vivir en felicidad<\/p>\n\n\n\n<p class=\"has-text-align-center\"><strong>Tenemos que amar d\u00f3nde<\/strong><\/p>\n\n\n\n<p class=\"has-text-align-center\"><strong>vivimos<\/strong><\/p>\n\n\n\n<p class=\"has-text-align-center\"><strong>y con todos nuestros<\/strong><\/p>\n\n\n\n<p class=\"has-text-align-center\"><strong>hermanos<\/strong><\/p>\n\n\n\n<p class=\"has-text-align-center\"><strong>despertemos a nuestros<\/strong><\/p>\n\n\n\n<p class=\"has-text-align-center\"><strong>hermanos<\/strong><\/p>\n\n\n\n<p class=\"has-text-align-center\"><strong>&nbsp;Para disfrutar con nuestro<\/strong><\/p>\n\n\n\n<p class=\"has-text-align-center\"><strong>ambiente<\/strong><\/p>\n\n\n\n<p class=\"has-text-align-center\"><strong>tenemos que amarnos todos<\/strong><\/p>\n\n\n\n<p class=\"has-text-align-center\"><strong>juntos<\/strong><\/p>\n\n\n\n<p class=\"has-text-align-center\"><strong>para nuestra felicidad<\/strong><\/p>\n\n\n\n<p class=\"has-text-align-center\">&#8212;&#8212;&#8212;&#8212;&#8212;&#8212;&#8212;&#8212;&#8212;&#8212;&#8212;&#8212;&#8212;&#8212;<\/p>\n\n\n\n<figure class=\"wp-block-audio\"><audio controls src=\"https:\/\/enricgine.cat\/en\/wp-content\/uploads\/1999\/04\/7-Despertem-nos-Poema-\u2665\u2665.wav\"><\/audio><\/figure>\n\n\n\n<p><\/p>\n\n\n\n<h3 class=\"wp-block-heading has-text-align-center\"><strong>12&nbsp; Despertem-nos Poema<\/strong><\/h3>\n\n\n\n<p><\/p>\n\n\n\n<p class=\"has-text-align-center\">Un petonet a la cara<\/p>\n\n\n\n<p class=\"has-text-align-center\">Un petonet al front<\/p>\n\n\n\n<p class=\"has-text-align-center\">Una abra\u00e7ada molt forta<\/p>\n\n\n\n<p class=\"has-text-align-center\">&nbsp;&nbsp;Es el mes gran que hi ha mon<\/p>\n\n\n\n<p class=\"has-text-align-center\">Molts son els nostres germans<\/p>\n\n\n\n<p class=\"has-text-align-center\">Que passen fam i pobresa<\/p>\n\n\n\n<p class=\"has-text-align-center\">Sense treball i sense sostre<\/p>\n\n\n\n<p class=\"has-text-align-center\">&nbsp;&nbsp;I nosaltres amb el bra\u00e7os<\/p>\n\n\n\n<p class=\"has-text-align-center\">&nbsp;Plegats<\/p>\n\n\n\n<p class=\"has-text-align-center\">Estem embrutant-nos amb<\/p>\n\n\n\n<p class=\"has-text-align-center\">Guerres<\/p>\n\n\n\n<p class=\"has-text-align-center\">Lluitem contra els nostres<\/p>\n\n\n\n<p class=\"has-text-align-center\">&nbsp;Germans<\/p>\n\n\n\n<p class=\"has-text-align-center\">Com potser aix\u00f2 ser possible<\/p>\n\n\n\n<p class=\"has-text-align-center\">&nbsp;quan som molts els que no ho<\/p>\n\n\n\n<p class=\"has-text-align-center\">Volem<\/p>\n\n\n\n<p class=\"has-text-align-center\"><strong>Ajudem els nostres Germans<\/strong><\/p>\n\n\n\n<p class=\"has-text-align-center\"><strong>&nbsp;Per poder viure amb pau<\/strong><\/p>\n\n\n\n<p class=\"has-text-align-center\"><strong>Ajudem al nostre ambient<\/strong><\/p>\n\n\n\n<p class=\"has-text-align-center\"><strong>&nbsp;Per poder aix\u00ed subsistir<\/strong><\/p>\n\n\n\n<p class=\"has-text-align-center\"><strong>Si no ens volem ajudar<\/strong><\/p>\n\n\n\n<p class=\"has-text-align-center\"><strong>&nbsp;&nbsp;Mai assolirem la felicitat&nbsp;<\/strong><\/p>\n\n\n\n<p class=\"has-text-align-center\">Vivim en un estat molt salvatge<\/p>\n\n\n\n<p class=\"has-text-align-center\">No respectem ni el aire ni el aigua<\/p>\n\n\n\n<p class=\"has-text-align-center\">Ni els animals que hi vivim<\/p>\n\n\n\n<p class=\"has-text-align-center\">&nbsp;&nbsp;Ni la natura o el ambient<\/p>\n\n\n\n<p class=\"has-text-align-center\">Estem destruint on viu el home<\/p>\n\n\n\n<p class=\"has-text-align-center\">El nostre egoisme est\u00e0<\/p>\n\n\n\n<p class=\"has-text-align-center\">Destrossant-nos<\/p>\n\n\n\n<p class=\"has-text-align-center\">La nostre natura es preciosa<\/p>\n\n\n\n<p class=\"has-text-align-center\">&nbsp;Per\u00f2 quan ve l\u2019home ho<\/p>\n\n\n\n<p class=\"has-text-align-center\">Destru\u00efm<\/p>\n\n\n\n<p class=\"has-text-align-center\">No vulguem mes guerres ni<\/p>\n\n\n\n<p class=\"has-text-align-center\">Lluites<\/p>\n\n\n\n<p class=\"has-text-align-center\">Repartim tot entre tots<\/p>\n\n\n\n<p class=\"has-text-align-center\">Tenim lloc per els nostres<\/p>\n\n\n\n<p class=\"has-text-align-center\">Germans<\/p>\n\n\n\n<p class=\"has-text-align-center\">Per viure amb felicitat<\/p>\n\n\n\n<p class=\"has-text-align-center\"><strong>Hem d\u2019estimar &nbsp;on vivim<\/strong><\/p>\n\n\n\n<p class=\"has-text-align-center\"><strong>&nbsp;I amb tots els nostres germans<\/strong><\/p>\n\n\n\n<p class=\"has-text-align-center\"><strong>Despertem-nos estimats &nbsp;germans<\/strong><\/p>\n\n\n\n<p class=\"has-text-align-center\"><strong>&nbsp;Per gaudir amb el nostre<\/strong><\/p>\n\n\n\n<p class=\"has-text-align-center\"><strong>Ambient<\/strong><\/p>\n\n\n\n<p class=\"has-text-align-center\"><strong>Hem d\u2019estimar-nos tots junts<\/strong><\/p>\n\n\n\n<p class=\"has-text-align-center\"><strong>&nbsp;per a la nostre &nbsp;felicit<\/strong>at<\/p>\n\n\n\n<h2 class=\"wp-block-heading has-text-align-center\">****************************<\/h2>\n\n\n\n<figure class=\"wp-block-audio\"><audio controls src=\"https:\/\/enricgine.cat\/en\/wp-content\/uploads\/1999\/04\/8-Amemonos-Poema-\u2665\u2665.wav\"><\/audio><\/figure>\n\n\n\n<p><\/p>\n\n\n\n<h3 class=\"wp-block-heading has-text-align-center\"><strong>13 Am\u00e9monos Poema<\/strong><\/h3>\n\n\n\n<p class=\"has-text-align-center\">Cuanta tristeza que hay en el mundo<\/p>\n\n\n\n<p class=\"has-text-align-center\">&nbsp;Odio envidia<\/p>\n\n\n\n<p class=\"has-text-align-center\">Y acoso tambi\u00e9n<\/p>\n\n\n\n<p class=\"has-text-align-center\">Enfermedades y peleas<\/p>\n\n\n\n<p class=\"has-text-align-center\">&nbsp;Mucha pobreza<\/p>\n\n\n\n<p class=\"has-text-align-center\">&nbsp;Miserias y hambre<\/p>\n\n\n\n<p class=\"has-text-align-center\">Guerras y luchas<\/p>\n\n\n\n<p class=\"has-text-align-center\">&nbsp;Matar por placer<\/p>\n\n\n\n<p class=\"has-text-align-center\">Robar enga\u00f1ar destruir hacer da\u00f1o<\/p>\n\n\n\n<p class=\"has-text-align-center\">&nbsp;S\u00f3lo por puro Placer<\/p>\n\n\n\n<p class=\"has-text-align-center\">Que es el hombre<\/p>\n\n\n\n<p class=\"has-text-align-center\">&nbsp;Que hace todo esto<\/p>\n\n\n\n<p class=\"has-text-align-center\">Solo para destruirse<\/p>\n\n\n\n<p class=\"has-text-align-center\">&nbsp;Y por placer<\/p>\n\n\n\n<p class=\"has-text-align-center\">El hombre mata y lucha<\/p>\n\n\n\n<p class=\"has-text-align-center\">Crea miseria y destrucci\u00f3n<\/p>\n\n\n\n<p class=\"has-text-align-center\">&nbsp;Tragedias desgracias<\/p>\n\n\n\n<p class=\"has-text-align-center\">&nbsp;Exterminio y mortalidad<\/p>\n\n\n\n<p class=\"has-text-align-center\">As\u00ed no es el hombre<\/p>\n\n\n\n<p class=\"has-text-align-center\">Que deseamos<\/p>\n\n\n\n<p class=\"has-text-align-center\">&nbsp;Sin ninguna pelea ni guerras y con paz<\/p>\n\n\n\n<p class=\"has-text-align-center\"><strong>Am\u00e9monos protejamos el ambiente<\/strong><\/p>\n\n\n\n<p class=\"has-text-align-center\"><strong>Am\u00e9monos y protejamos la natura<\/strong><\/p>\n\n\n\n<p class=\"has-text-align-center\"><strong>Am\u00e9monos a nuestros hermanos<\/strong><\/p>\n\n\n\n<p class=\"has-text-align-center\"><strong>&nbsp;Es igual quien sea y donde vengan<\/strong><\/p>\n\n\n\n<p class=\"has-text-align-center\"><strong>Y la tierra ser\u00e1 el para\u00edso de todos<\/strong><\/p>\n\n\n\n<p class=\"has-text-align-center\">Tenemos que amarnos<\/p>\n\n\n\n<p class=\"has-text-align-center\">Si queremos subsistir<\/p>\n\n\n\n<p class=\"has-text-align-center\">No hay nada mejor que el amor<\/p>\n\n\n\n<p class=\"has-text-align-center\">Es fruto del Padre&nbsp; y la Madre<\/p>\n\n\n\n<p class=\"has-text-align-center\">Y de los hermanos de toda la creaci\u00f3n<\/p>\n\n\n\n<p class=\"has-text-align-center\">Ama tu pr\u00f3jimo como a ti mismo<\/p>\n\n\n\n<p class=\"has-text-align-center\">&nbsp;Ver\u00e1s un mundo<\/p>\n\n\n\n<p class=\"has-text-align-center\">&nbsp;Lleno de felicidad<\/p>\n\n\n\n<p class=\"has-text-align-center\">Todos gozando de lo que poseemos<\/p>\n\n\n\n<p class=\"has-text-align-center\">Y ayud\u00e1ndonos con fraternidad<\/p>\n\n\n\n<p class=\"has-text-align-center\">No no es un sue\u00f1o esto es muy real<\/p>\n\n\n\n<p class=\"has-text-align-center\">S\u00f3lo hay tiempo<\/p>\n\n\n\n<p class=\"has-text-align-center\">Para el amor y la felicidad<\/p>\n\n\n\n<p class=\"has-text-align-center\">Ver\u00e1s qu\u00e9 maravilla<\/p>\n\n\n\n<p class=\"has-text-align-center\">De mundo que vivimos<\/p>\n\n\n\n<p class=\"has-text-align-center\">Rodeados de gente muy<\/p>\n\n\n\n<p class=\"has-text-align-center\">pero muy feliz<\/p>\n\n\n\n<p class=\"has-text-align-center\"><strong>Am\u00e9monos protejamos el ambiente<\/strong><\/p>\n\n\n\n<p class=\"has-text-align-center\"><strong>&nbsp;Am\u00e9monos y protejamos la natura<\/strong><\/p>\n\n\n\n<p class=\"has-text-align-center\"><strong>Am\u00e9monos a nuestros hermanos<\/strong><\/p>\n\n\n\n<p class=\"has-text-align-center\"><strong>&nbsp;Es igual quien sea y donde vengan<\/strong><\/p>\n\n\n\n<p class=\"has-text-align-center\"><strong>Y la tierra ser\u00e1 el para\u00edso de todos<\/strong><\/p>\n\n\n\n<p class=\"has-text-align-center\"><strong>Am\u00e9monos<\/strong><\/p>\n\n\n\n<p class=\"has-text-align-center\"><strong>Am\u00e9monos i<\/strong><\/p>\n\n\n\n<p class=\"has-text-align-center\"><strong>Am\u00e9monos<\/strong><\/p>\n\n\n\n<p class=\"has-text-align-center\">********************<\/p>\n\n\n\n<p><\/p>\n","protected":false},"excerpt":{"rendered":"<p>Hvis du \u00f8nsker det, kan du downloade lydfilerne alene ved at klikke p\u00e5 de tre prikker til h\u00f8jre for lydafspilleren. Der er to muligheder: Den ene er at s\u00e6nke eller \u00f8ge afspilningshastigheden, og den anden er at downloade lydfilen 1 &hellip; <a href=\"https:\/\/enricgine.cat\/en\/the-music-of-enric-audio\/\">Continue reading <span class=\"meta-nav\">&rarr;<\/span><\/a><\/p>\n","protected":false},"author":1,"featured_media":0,"comment_status":"closed","ping_status":"closed","sticky":false,"template":"","format":"standard","meta":{"footnotes":""},"categories":[1],"tags":[],"class_list":["post-671","post","type-post","status-publish","format-standard","hentry","category-uncategorized"],"_links":{"self":[{"href":"https:\/\/enricgine.cat\/en\/wp-json\/wp\/v2\/posts\/671","targetHints":{"allow":["GET"]}}],"collection":[{"href":"https:\/\/enricgine.cat\/en\/wp-json\/wp\/v2\/posts"}],"about":[{"href":"https:\/\/enricgine.cat\/en\/wp-json\/wp\/v2\/types\/post"}],"author":[{"embeddable":true,"href":"https:\/\/enricgine.cat\/en\/wp-json\/wp\/v2\/users\/1"}],"replies":[{"embeddable":true,"href":"https:\/\/enricgine.cat\/en\/wp-json\/wp\/v2\/comments?post=671"}],"version-history":[{"count":22,"href":"https:\/\/enricgine.cat\/en\/wp-json\/wp\/v2\/posts\/671\/revisions"}],"predecessor-version":[{"id":832,"href":"https:\/\/enricgine.cat\/en\/wp-json\/wp\/v2\/posts\/671\/revisions\/832"}],"wp:attachment":[{"href":"https:\/\/enricgine.cat\/en\/wp-json\/wp\/v2\/media?parent=671"}],"wp:term":[{"taxonomy":"category","embeddable":true,"href":"https:\/\/enricgine.cat\/en\/wp-json\/wp\/v2\/categories?post=671"},{"taxonomy":"post_tag","embeddable":true,"href":"https:\/\/enricgine.cat\/en\/wp-json\/wp\/v2\/tags?post=671"}],"curies":[{"name":"wp","href":"https:\/\/api.w.org\/{rel}","templated":true}]}}