{"id":460,"date":"2014-07-23T16:14:38","date_gmt":"2014-07-23T14:14:38","guid":{"rendered":"https:\/\/enricgine.cat\/dk\/?p=460"},"modified":"2026-04-04T16:11:28","modified_gmt":"2026-04-04T14:11:28","slug":"diskrimination-og-fornaermelse","status":"publish","type":"post","link":"https:\/\/enricgine.cat\/dk\/diskrimination-og-fornaermelse\/","title":{"rendered":"Diskrimination og Forn\u00e6rmelse"},"content":{"rendered":"\n<p class=\"has-text-align-right\">enric@enricgine.cat<\/p>\n\n\n\n<p>&nbsp;Vi vil se, hvad en forn\u00e6rmelse er, f\u00f8rst vil vi definere, hvad en forn\u00e6rmelse er, og en forn\u00e6rmelse er en adf\u00e6rd, verbal eller ej, som den forn\u00e6rmede modtager fra kr\u00e6nkeren, og dette kan defineres som manglende argumentation fra kr\u00e6nkeren til den forn\u00e6rmede, og det medf\u00f8rer ogs\u00e5 et mindrev\u00e6rdskompleks af forn\u00e6rmeren over for den forn\u00e6rmede, ja, dette sker desv\u00e6rre hver dag, og nogle gange, med meget alvorlige konsekvenser, n\u00e5r nogen forn\u00e6rmer en anden person, er det af den grund, at kr\u00e6nkeren er forn\u00e6rmet, s\u00e5 vil den kr\u00e6nkendes reaktion v\u00e6re proportional med den adf\u00e6rd, den forn\u00e6rmede tager, hvis den forn\u00e6rmede ikke reagerer, vil kr\u00e6nkeren tage mere drastiske foranstaltninger, s\u00e5 den forn\u00e6rmede reagerer, men kr\u00e6nkeren kan ikke altid fremkalde en reaktion fra den forn\u00e6rmede, af mange \u00e5rsager, eller fordi, at den forn\u00e6rmede ikke er opm\u00e6rksom p\u00e5 ham, eller af forskellige \u00e5rsager, s\u00e5som at den forn\u00e6rmede ikke \u00f8nsker tvister, eller fysiske \u00e5rsager eller placering.<\/p>\n\n\n\n<p>N\u00e5, hvor vi har defineret forn\u00e6rmelsen, vil vi se, hvad der skete forleden p\u00e5 en fodboldbane, hvor en del af modstandergruppens tribuner r\u00e5bte og forn\u00e6rmede en sort spiller fra Real Madrid, Vinicius, jeg blev overrasket over reaktionen, popularitet er i medierne blevet kaldt diskrimination, og hvad er diskrimination? i det kongelige akademi for det spanske sprog er ordet diskrimination at adskille eller se forskel p\u00e5 to ting, og s\u00e5 g\u00f8r vi det heldigvis hver dag, en sten er anderledes end et tr\u00e6, og kun det er Diskriminere, nu hvis vi ser til en sort, hvid, gul eller anden farve person, f\u00f8rst vil vi skelne dem, fordi vi skal se forskellen, farven, og s\u00e5 n\u00e5r vi ser den farve, de har, og der kommer problemet, som er, n\u00e5r vi har diskrimineret farven, Vi burde give dem den samme behandling, men det er desv\u00e6rre ikke altid tilf\u00e6ldet, s\u00e5 er det diskrimination, og det skal ikke g\u00f8res, men det bliver desv\u00e6rre gjort.<\/p>\n\n\n\n<p>N\u00e5, dette er diskrimination, men i tilf\u00e6ldet med den spiller, vi har talt om, har det intet at g\u00f8re med diskrimination, men med forn\u00e6rmelsen.<\/p>\n\n\n\n<p>Forn\u00e6rmelsen, som jeg allerede har sagt ovenfor, er et mindrev\u00e6rdskompleks af den forn\u00e6rmede over for den forn\u00e6rmede, og forn\u00e6rmerens handling vil v\u00e6re t\u00e6t forbundet med den forn\u00e6rmede persons adf\u00e6rd vil fordoble handlingen, for at forv\u00e6rre forn\u00e6rmelsen, hvis omst\u00e6ndighederne tillader det, p\u00e5 en fodboldbane kan forn\u00e6rmelsen kun v\u00e6re verbal, p\u00e5 grund af forn\u00e6rmerens eller forn\u00e6rmerens adgang eller overdreven offentlighed, men \u00e5rsagen er samme, spilleren har gjort en adf\u00e6rd, som kr\u00e6nkeren ikke kunne lide, og den eneste reaktion, som kr\u00e6nkeren kan give, er forn\u00e6rmelsen, da mindrev\u00e6rdskomplekset, eller kalder det undertrykkelse, indeslutning, er den eneste m\u00e5dehold, p\u00e5 grund af dette kompleks, som han ikke kan mestre eller l\u00f8se, og det kv\u00e6ler ham, til det punkt, at det i nogle tilf\u00e6lde kan resultere i en kriminel handling, dette sker hver dag, utallige gange, det begynder altid med forn\u00e6rmelsen, og det kan ende galt, hvis kr\u00e6nker og forn\u00e6rmede er t\u00e6tte og alene, og \u00e5rsagen til mindrev\u00e6rdskomplekset er alvorlig.<\/p>\n\n\n\n<p>Forleden dag s\u00e5 jeg i fjernsynet en gruppe, der demonstrerede p\u00e5 gaden mod borgmesteren i Barcelona \u201dAna Colau\u201d, og de forn\u00e6rmede hende, og kaldte hende &#8220;Hor mor&#8221;, den forn\u00e6rmede kvinde kunne ikke sige noget, fordi hun f\u00f8rst ikke var der, og p\u00e5 den anden, selv hvis den havde v\u00e6ret det, ville ikke have st\u00e5et over for en hel skare, og det er altid, hvad kr\u00e6nkeren eller den forn\u00e6rmede skal vurdere.<\/p>\n\n\n\n<p>N\u00e5, under alle omst\u00e6ndigheder havde det mere kommunikativt ekko i medierne og forbund, selv internationale, spillerens, for racisme, for at v\u00e6re sort, end borgmesteren, for at forn\u00e6rme moderen, uden at forn\u00e6rmende kendte moderen til borgmester, men sandheden er, uden at se p\u00e5 graden af \u200b\u200bkr\u00e6nkelse, at kr\u00e6nkerne ville forn\u00e6rme de forn\u00e6rmede, og kr\u00e6nkerne n\u00e5ede deres m\u00e5l, og det var muligt, p\u00e5 grund af kr\u00e6nkernes mindrev\u00e6rdskompleks, fordi de ikke kunne g\u00f8re noget. andet end forn\u00e6rmelsen.<\/p>\n\n\n\n<p>For en normal, rationel eller intelligent person eksisterer forn\u00e6rmelsen ikke, den passer ikke, da forn\u00e6rmelsen er den modsatte side af fornuften, hvis du ikke har et argument for at kunne forklare den person, der undertrykker dig, eller hvem du ikke er enig i den n\u00e6vnte adf\u00e6rd eller forn\u00e6rmelse, alt hvad du har er en forn\u00e6rmelse, eller endda et slagsm\u00e5l eller mere.<\/p>\n\n\n\n<p>Enric Gin\u00e9 og Orengo<\/p>\n","protected":false},"excerpt":{"rendered":"<p>enric@enricgine.cat &nbsp;Vi vil se, hvad en forn\u00e6rmelse er, f\u00f8rst vil vi definere, hvad en forn\u00e6rmelse er, og en forn\u00e6rmelse er en adf\u00e6rd, verbal eller ej, som den forn\u00e6rmede modtager fra kr\u00e6nkeren, og dette kan defineres som manglende argumentation fra kr\u00e6nkeren &hellip; <a href=\"https:\/\/enricgine.cat\/dk\/diskrimination-og-fornaermelse\/\">L\u00e6s resten <span class=\"meta-nav\">&rarr;<\/span><\/a><\/p>\n","protected":false},"author":1,"featured_media":0,"comment_status":"closed","ping_status":"closed","sticky":false,"template":"","format":"standard","meta":{"footnotes":""},"categories":[1],"tags":[],"class_list":["post-460","post","type-post","status-publish","format-standard","hentry","category-ikke-kategoriseret"],"_links":{"self":[{"href":"https:\/\/enricgine.cat\/dk\/wp-json\/wp\/v2\/posts\/460","targetHints":{"allow":["GET"]}}],"collection":[{"href":"https:\/\/enricgine.cat\/dk\/wp-json\/wp\/v2\/posts"}],"about":[{"href":"https:\/\/enricgine.cat\/dk\/wp-json\/wp\/v2\/types\/post"}],"author":[{"embeddable":true,"href":"https:\/\/enricgine.cat\/dk\/wp-json\/wp\/v2\/users\/1"}],"replies":[{"embeddable":true,"href":"https:\/\/enricgine.cat\/dk\/wp-json\/wp\/v2\/comments?post=460"}],"version-history":[{"count":2,"href":"https:\/\/enricgine.cat\/dk\/wp-json\/wp\/v2\/posts\/460\/revisions"}],"predecessor-version":[{"id":561,"href":"https:\/\/enricgine.cat\/dk\/wp-json\/wp\/v2\/posts\/460\/revisions\/561"}],"wp:attachment":[{"href":"https:\/\/enricgine.cat\/dk\/wp-json\/wp\/v2\/media?parent=460"}],"wp:term":[{"taxonomy":"category","embeddable":true,"href":"https:\/\/enricgine.cat\/dk\/wp-json\/wp\/v2\/categories?post=460"},{"taxonomy":"post_tag","embeddable":true,"href":"https:\/\/enricgine.cat\/dk\/wp-json\/wp\/v2\/tags?post=460"}],"curies":[{"name":"wp","href":"https:\/\/api.w.org\/{rel}","templated":true}]}}